{"id":698,"date":"2024-10-23T11:15:47","date_gmt":"2024-10-23T11:15:47","guid":{"rendered":"https:\/\/www.pro-gendering.eu\/?p=698"},"modified":"2024-11-15T11:16:29","modified_gmt":"2024-11-15T11:16:29","slug":"progendering-newsletter-oktober-2024-edition","status":"publish","type":"post","link":"https:\/\/www.pro-gendering.eu\/?p=698&lang=de","title":{"rendered":"ProGendering Newsletter &#8211; Oktober 2024 Edition"},"content":{"rendered":"<p>Willkommen zur ersten Ausgabe des ProGendering Newsletters! Unser Projekt, das von der Europ\u00e4ischen Union finanziert wird, konzentriert sich auf die F\u00f6rderung der Gleichstellung der Geschlechter und Inklusivit\u00e4t in der akademischen Welt in ganz Europa. Hier ein \u00dcberblick \u00fcber unsere j\u00fcngsten Fortschritte und bevorstehende Aktivit\u00e4ten.<\/p>\n<p><a href=\"https:\/\/www.pro-gendering.eu\/wp-content\/uploads\/2024\/11\/Progendering_1stNewsletter_10.24_German-1.pdf\" target=\"_blank\" rel=\"noopener\"><strong>\ud83d\udc49 ProGendering Newsletter &#8211; Oktober 2024 Edition<\/strong><\/a><\/p>\n","protected":false},"excerpt":{"rendered":"<p>Willkommen zur ersten Ausgabe des ProGendering Newsletters! Unser Projekt, das von der Europ\u00e4ischen Union finanziert wird, konzentriert sich auf die F\u00f6rderung der Gleichstellung der Geschlechter und Inklusivit\u00e4t in der akademischen Welt in ganz Europa. Hier ein \u00dcberblick \u00fcber unsere j\u00fcngsten Fortschritte und bevorstehende Aktivit\u00e4ten. \ud83d\udc49 ProGendering Newsletter &#8211; Oktober 2024 Edition<\/p>\n","protected":false},"author":3,"featured_media":678,"comment_status":"open","ping_status":"closed","sticky":false,"template":"","format":"standard","meta":{"_et_pb_use_builder":"","_et_pb_old_content":"","_et_gb_content_width":"","footnotes":""},"categories":[17],"tags":[],"class_list":["post-698","post","type-post","status-publish","format-standard","has-post-thumbnail","hentry","category-uncategorized-de"],"_links":{"self":[{"href":"https:\/\/www.pro-gendering.eu\/index.php?rest_route=\/wp\/v2\/posts\/698","targetHints":{"allow":["GET"]}}],"collection":[{"href":"https:\/\/www.pro-gendering.eu\/index.php?rest_route=\/wp\/v2\/posts"}],"about":[{"href":"https:\/\/www.pro-gendering.eu\/index.php?rest_route=\/wp\/v2\/types\/post"}],"author":[{"embeddable":true,"href":"https:\/\/www.pro-gendering.eu\/index.php?rest_route=\/wp\/v2\/users\/3"}],"replies":[{"embeddable":true,"href":"https:\/\/www.pro-gendering.eu\/index.php?rest_route=%2Fwp%2Fv2%2Fcomments&post=698"}],"version-history":[{"count":1,"href":"https:\/\/www.pro-gendering.eu\/index.php?rest_route=\/wp\/v2\/posts\/698\/revisions"}],"predecessor-version":[{"id":699,"href":"https:\/\/www.pro-gendering.eu\/index.php?rest_route=\/wp\/v2\/posts\/698\/revisions\/699"}],"wp:featuredmedia":[{"embeddable":true,"href":"https:\/\/www.pro-gendering.eu\/index.php?rest_route=\/wp\/v2\/media\/678"}],"wp:attachment":[{"href":"https:\/\/www.pro-gendering.eu\/index.php?rest_route=%2Fwp%2Fv2%2Fmedia&parent=698"}],"wp:term":[{"taxonomy":"category","embeddable":true,"href":"https:\/\/www.pro-gendering.eu\/index.php?rest_route=%2Fwp%2Fv2%2Fcategories&post=698"},{"taxonomy":"post_tag","embeddable":true,"href":"https:\/\/www.pro-gendering.eu\/index.php?rest_route=%2Fwp%2Fv2%2Ftags&post=698"}],"curies":[{"name":"wp","href":"https:\/\/api.w.org\/{rel}","templated":true}]}}