{"id":704,"date":"2024-10-23T11:20:09","date_gmt":"2024-10-23T11:20:09","guid":{"rendered":"https:\/\/www.pro-gendering.eu\/?p=704"},"modified":"2024-11-15T11:21:32","modified_gmt":"2024-11-15T11:21:32","slug":"progendering-naujienlaiskis-spalis-2024","status":"publish","type":"post","link":"https:\/\/www.pro-gendering.eu\/?p=704&lang=pl","title":{"rendered":"ProGendering Newsletter &#8211; Pa\u017adziernik 2024 r."},"content":{"rendered":"<p>Witamy w pierwszym wydaniu newslettera ProGendering! Nasz projekt, finansowany przez Uni\u0119 Europejsk\u0105, koncentruje si\u0119 na zwi\u0119kszaniu r\u00f3wno\u015bci p\u0142ci i w\u0142\u0105czaniu spo\u0142ecznym w \u015brodowisku akademickim w ca\u0142ej Europie. Oto podsumowanie naszych ostatnich post\u0119p\u00f3w i nadchodz\u0105cych dzia\u0142a\u0144.<\/p>\n<p><a href=\"https:\/\/www.pro-gendering.eu\/wp-content\/uploads\/2024\/11\/Progendering_1stNewsletter_10.24_PL.pdf\" target=\"_blank\" rel=\"noopener\"><strong>\ud83d\udc49 ProGendering Newsletter &#8211; Pa\u017adziernik 2024 r. <\/strong><\/a><\/p>\n","protected":false},"excerpt":{"rendered":"<p>Witamy w pierwszym wydaniu newslettera ProGendering! Nasz projekt, finansowany przez Uni\u0119 Europejsk\u0105, koncentruje si\u0119 na zwi\u0119kszaniu r\u00f3wno\u015bci p\u0142ci i w\u0142\u0105czaniu spo\u0142ecznym w \u015brodowisku akademickim w ca\u0142ej Europie. Oto podsumowanie naszych ostatnich post\u0119p\u00f3w i nadchodz\u0105cych dzia\u0142a\u0144. \ud83d\udc49 ProGendering Newsletter &#8211; Pa\u017adziernik 2024 r.<\/p>\n","protected":false},"author":3,"featured_media":678,"comment_status":"open","ping_status":"closed","sticky":false,"template":"","format":"standard","meta":{"_et_pb_use_builder":"","_et_pb_old_content":"","_et_gb_content_width":"","footnotes":""},"categories":[32],"tags":[],"class_list":["post-704","post","type-post","status-publish","format-standard","has-post-thumbnail","hentry","category-uncategorized-pl"],"_links":{"self":[{"href":"https:\/\/www.pro-gendering.eu\/index.php?rest_route=\/wp\/v2\/posts\/704","targetHints":{"allow":["GET"]}}],"collection":[{"href":"https:\/\/www.pro-gendering.eu\/index.php?rest_route=\/wp\/v2\/posts"}],"about":[{"href":"https:\/\/www.pro-gendering.eu\/index.php?rest_route=\/wp\/v2\/types\/post"}],"author":[{"embeddable":true,"href":"https:\/\/www.pro-gendering.eu\/index.php?rest_route=\/wp\/v2\/users\/3"}],"replies":[{"embeddable":true,"href":"https:\/\/www.pro-gendering.eu\/index.php?rest_route=%2Fwp%2Fv2%2Fcomments&post=704"}],"version-history":[{"count":2,"href":"https:\/\/www.pro-gendering.eu\/index.php?rest_route=\/wp\/v2\/posts\/704\/revisions"}],"predecessor-version":[{"id":707,"href":"https:\/\/www.pro-gendering.eu\/index.php?rest_route=\/wp\/v2\/posts\/704\/revisions\/707"}],"wp:featuredmedia":[{"embeddable":true,"href":"https:\/\/www.pro-gendering.eu\/index.php?rest_route=\/wp\/v2\/media\/678"}],"wp:attachment":[{"href":"https:\/\/www.pro-gendering.eu\/index.php?rest_route=%2Fwp%2Fv2%2Fmedia&parent=704"}],"wp:term":[{"taxonomy":"category","embeddable":true,"href":"https:\/\/www.pro-gendering.eu\/index.php?rest_route=%2Fwp%2Fv2%2Fcategories&post=704"},{"taxonomy":"post_tag","embeddable":true,"href":"https:\/\/www.pro-gendering.eu\/index.php?rest_route=%2Fwp%2Fv2%2Ftags&post=704"}],"curies":[{"name":"wp","href":"https:\/\/api.w.org\/{rel}","templated":true}]}}