{"id":710,"date":"2024-10-23T11:22:13","date_gmt":"2024-10-23T11:22:13","guid":{"rendered":"https:\/\/www.pro-gendering.eu\/?p=710"},"modified":"2024-11-15T11:22:40","modified_gmt":"2024-11-15T11:22:40","slug":"progendering-naujienlaiskis-spalis-2024-2","status":"publish","type":"post","link":"https:\/\/www.pro-gendering.eu\/?p=710&lang=lt","title":{"rendered":"ProGendering Naujienlai\u0161kis &#8211; Spalis 2024"},"content":{"rendered":"<p>Sveiki atvyk\u0119 \u012f pirm\u0105j\u012f ProGendering naujienlai\u0161kio leidim\u0105! M\u016bs\u0173 projektas, finansuojamas Europos S\u0105jungos, orientuotas \u012f ly\u010di\u0173 lygyb\u0117s ir \u012ftraukties didinim\u0105 akademin\u0117je bendruomen\u0117je visoje Europoje. Pateikiame m\u016bs\u0173 naujausios pa\u017eangos ir b\u016bsimos veiklos santrauk\u0105.<\/p>\n<p><a href=\"https:\/\/www.pro-gendering.eu\/wp-content\/uploads\/2024\/11\/Progendering_1stNewsletter_LT.pdf\" target=\"_blank\" rel=\"noopener\"><strong>\ud83d\udc49 ProGendering Naujienlai\u0161kis &#8211; Spalis 2024 <\/strong><\/a><\/p>\n","protected":false},"excerpt":{"rendered":"<p>Sveiki atvyk\u0119 \u012f pirm\u0105j\u012f ProGendering naujienlai\u0161kio leidim\u0105! M\u016bs\u0173 projektas, finansuojamas Europos S\u0105jungos, orientuotas \u012f ly\u010di\u0173 lygyb\u0117s ir \u012ftraukties didinim\u0105 akademin\u0117je bendruomen\u0117je visoje Europoje. Pateikiame m\u016bs\u0173 naujausios pa\u017eangos ir b\u016bsimos veiklos santrauk\u0105. \ud83d\udc49 ProGendering Naujienlai\u0161kis &#8211; Spalis 2024<\/p>\n","protected":false},"author":3,"featured_media":678,"comment_status":"open","ping_status":"closed","sticky":false,"template":"","format":"standard","meta":{"_et_pb_use_builder":"","_et_pb_old_content":"","_et_gb_content_width":"","footnotes":""},"categories":[53],"tags":[],"class_list":["post-710","post","type-post","status-publish","format-standard","has-post-thumbnail","hentry","category-uncategorized-lt"],"_links":{"self":[{"href":"https:\/\/www.pro-gendering.eu\/index.php?rest_route=\/wp\/v2\/posts\/710","targetHints":{"allow":["GET"]}}],"collection":[{"href":"https:\/\/www.pro-gendering.eu\/index.php?rest_route=\/wp\/v2\/posts"}],"about":[{"href":"https:\/\/www.pro-gendering.eu\/index.php?rest_route=\/wp\/v2\/types\/post"}],"author":[{"embeddable":true,"href":"https:\/\/www.pro-gendering.eu\/index.php?rest_route=\/wp\/v2\/users\/3"}],"replies":[{"embeddable":true,"href":"https:\/\/www.pro-gendering.eu\/index.php?rest_route=%2Fwp%2Fv2%2Fcomments&post=710"}],"version-history":[{"count":1,"href":"https:\/\/www.pro-gendering.eu\/index.php?rest_route=\/wp\/v2\/posts\/710\/revisions"}],"predecessor-version":[{"id":711,"href":"https:\/\/www.pro-gendering.eu\/index.php?rest_route=\/wp\/v2\/posts\/710\/revisions\/711"}],"wp:featuredmedia":[{"embeddable":true,"href":"https:\/\/www.pro-gendering.eu\/index.php?rest_route=\/wp\/v2\/media\/678"}],"wp:attachment":[{"href":"https:\/\/www.pro-gendering.eu\/index.php?rest_route=%2Fwp%2Fv2%2Fmedia&parent=710"}],"wp:term":[{"taxonomy":"category","embeddable":true,"href":"https:\/\/www.pro-gendering.eu\/index.php?rest_route=%2Fwp%2Fv2%2Fcategories&post=710"},{"taxonomy":"post_tag","embeddable":true,"href":"https:\/\/www.pro-gendering.eu\/index.php?rest_route=%2Fwp%2Fv2%2Ftags&post=710"}],"curies":[{"name":"wp","href":"https:\/\/api.w.org\/{rel}","templated":true}]}}