{"id":776,"date":"2025-04-28T18:45:32","date_gmt":"2025-04-28T18:45:32","guid":{"rendered":"https:\/\/www.pro-gendering.eu\/?p=776"},"modified":"2025-05-27T18:47:49","modified_gmt":"2025-05-27T18:47:49","slug":"foerderung-der-gleichstellung-der-geschlechter-in-der-hochschulbildung-newsletter-2","status":"publish","type":"post","link":"https:\/\/www.pro-gendering.eu\/?p=776&lang=de","title":{"rendered":"F\u00f6rderung der Gleichstellung der Geschlechter in der Hochschulbildung &#8211; Newsletter 2"},"content":{"rendered":"<p><strong>Willkommen zur 2. Ausgabe des ProGendering-Newsletters!<\/strong><\/p>\n<p>Unser von der Europ\u00e4ischen Union finanziertes Projekt konzentriert sich darauf, die Gleichstellung der Geschlechter und die Inklusion in der akademischen Welt in ganz Europa zu f\u00f6rdern.<\/p>\n<p>Hier finden Sie einen \u00dcberblick \u00fcber unsere j\u00fcngsten Fortschritte und bevorstehenden Aktivit\u00e4ten.<\/p>\n<p style=\"text-align: center;\"><strong><a href=\"https:\/\/www.pro-gendering.eu\/wp-content\/uploads\/2025\/05\/ProGendering-Newsletter-German-Version.pdf\" target=\"_blank\" rel=\"noopener\">\ud83d\udc49 Newsletter 2<\/a><\/strong><\/p>\n","protected":false},"excerpt":{"rendered":"<p>Willkommen zur 2. Ausgabe des ProGendering-Newsletters! Unser von der Europ\u00e4ischen Union finanziertes Projekt konzentriert sich darauf, die Gleichstellung der Geschlechter und die Inklusion in der akademischen Welt in ganz Europa zu f\u00f6rdern. Hier finden Sie einen \u00dcberblick \u00fcber unsere j\u00fcngsten Fortschritte und bevorstehenden Aktivit\u00e4ten. \ud83d\udc49 Newsletter 2<\/p>\n","protected":false},"author":3,"featured_media":778,"comment_status":"open","ping_status":"closed","sticky":false,"template":"","format":"standard","meta":{"_et_pb_use_builder":"","_et_pb_old_content":"","_et_gb_content_width":"","footnotes":""},"categories":[17],"tags":[],"class_list":["post-776","post","type-post","status-publish","format-standard","has-post-thumbnail","hentry","category-uncategorized-de"],"_links":{"self":[{"href":"https:\/\/www.pro-gendering.eu\/index.php?rest_route=\/wp\/v2\/posts\/776","targetHints":{"allow":["GET"]}}],"collection":[{"href":"https:\/\/www.pro-gendering.eu\/index.php?rest_route=\/wp\/v2\/posts"}],"about":[{"href":"https:\/\/www.pro-gendering.eu\/index.php?rest_route=\/wp\/v2\/types\/post"}],"author":[{"embeddable":true,"href":"https:\/\/www.pro-gendering.eu\/index.php?rest_route=\/wp\/v2\/users\/3"}],"replies":[{"embeddable":true,"href":"https:\/\/www.pro-gendering.eu\/index.php?rest_route=%2Fwp%2Fv2%2Fcomments&post=776"}],"version-history":[{"count":2,"href":"https:\/\/www.pro-gendering.eu\/index.php?rest_route=\/wp\/v2\/posts\/776\/revisions"}],"predecessor-version":[{"id":780,"href":"https:\/\/www.pro-gendering.eu\/index.php?rest_route=\/wp\/v2\/posts\/776\/revisions\/780"}],"wp:featuredmedia":[{"embeddable":true,"href":"https:\/\/www.pro-gendering.eu\/index.php?rest_route=\/wp\/v2\/media\/778"}],"wp:attachment":[{"href":"https:\/\/www.pro-gendering.eu\/index.php?rest_route=%2Fwp%2Fv2%2Fmedia&parent=776"}],"wp:term":[{"taxonomy":"category","embeddable":true,"href":"https:\/\/www.pro-gendering.eu\/index.php?rest_route=%2Fwp%2Fv2%2Fcategories&post=776"},{"taxonomy":"post_tag","embeddable":true,"href":"https:\/\/www.pro-gendering.eu\/index.php?rest_route=%2Fwp%2Fv2%2Ftags&post=776"}],"curies":[{"name":"wp","href":"https:\/\/api.w.org\/{rel}","templated":true}]}}