{"id":790,"date":"2025-04-28T18:59:05","date_gmt":"2025-04-28T18:59:05","guid":{"rendered":"https:\/\/www.pro-gendering.eu\/?p=790"},"modified":"2025-05-27T19:00:28","modified_gmt":"2025-05-27T19:00:28","slug":"lyciu-lygybes-skatinimas-aukstajame-moksle-naujienlaiskis-2","status":"publish","type":"post","link":"https:\/\/www.pro-gendering.eu\/?p=790&lang=lt","title":{"rendered":"Ly\u010di\u0173 lygyb\u0117s skatinimas auk\u0161tajame moksle &#8211; Naujienlai\u0161kis 2"},"content":{"rendered":"<p><strong>Sveikiname jus skaitant antr\u0105j\u012f \u201eProGendering\u201c naujienlai\u0161kio leidim\u0105!<\/strong><\/p>\n<p>M\u016bs\u0173 projektas, finansuojamas Europos S\u0105jungos, skirtas ly\u010di\u0173 lygyb\u0117s ir \u012ftraukties stiprinimui akademin\u0117je bendruomen\u0117je visoje Europoje. Pateikiame m\u016bs\u0173 naujausios pa\u017eangos ir b\u016bsimos veiklos ap\u017evalg\u0105.<\/p>\n<p style=\"text-align: center;\"><strong><a href=\"https:\/\/www.pro-gendering.eu\/wp-content\/uploads\/2025\/05\/ProGendering-Newsletter-April-2025_LT-1.pdf\" target=\"_blank\" rel=\"noopener\">\ud83d\udc49 Newsletter 2<\/a><\/strong><\/p>\n","protected":false},"excerpt":{"rendered":"<p>Sveikiname jus skaitant antr\u0105j\u012f \u201eProGendering\u201c naujienlai\u0161kio leidim\u0105! M\u016bs\u0173 projektas, finansuojamas Europos S\u0105jungos, skirtas ly\u010di\u0173 lygyb\u0117s ir \u012ftraukties stiprinimui akademin\u0117je bendruomen\u0117je visoje Europoje. Pateikiame m\u016bs\u0173 naujausios pa\u017eangos ir b\u016bsimos veiklos ap\u017evalg\u0105. \ud83d\udc49 Newsletter 2<\/p>\n","protected":false},"author":3,"featured_media":778,"comment_status":"open","ping_status":"closed","sticky":false,"template":"","format":"standard","meta":{"_et_pb_use_builder":"","_et_pb_old_content":"","_et_gb_content_width":"","footnotes":""},"categories":[53],"tags":[],"class_list":["post-790","post","type-post","status-publish","format-standard","has-post-thumbnail","hentry","category-uncategorized-lt"],"_links":{"self":[{"href":"https:\/\/www.pro-gendering.eu\/index.php?rest_route=\/wp\/v2\/posts\/790","targetHints":{"allow":["GET"]}}],"collection":[{"href":"https:\/\/www.pro-gendering.eu\/index.php?rest_route=\/wp\/v2\/posts"}],"about":[{"href":"https:\/\/www.pro-gendering.eu\/index.php?rest_route=\/wp\/v2\/types\/post"}],"author":[{"embeddable":true,"href":"https:\/\/www.pro-gendering.eu\/index.php?rest_route=\/wp\/v2\/users\/3"}],"replies":[{"embeddable":true,"href":"https:\/\/www.pro-gendering.eu\/index.php?rest_route=%2Fwp%2Fv2%2Fcomments&post=790"}],"version-history":[{"count":1,"href":"https:\/\/www.pro-gendering.eu\/index.php?rest_route=\/wp\/v2\/posts\/790\/revisions"}],"predecessor-version":[{"id":792,"href":"https:\/\/www.pro-gendering.eu\/index.php?rest_route=\/wp\/v2\/posts\/790\/revisions\/792"}],"wp:featuredmedia":[{"embeddable":true,"href":"https:\/\/www.pro-gendering.eu\/index.php?rest_route=\/wp\/v2\/media\/778"}],"wp:attachment":[{"href":"https:\/\/www.pro-gendering.eu\/index.php?rest_route=%2Fwp%2Fv2%2Fmedia&parent=790"}],"wp:term":[{"taxonomy":"category","embeddable":true,"href":"https:\/\/www.pro-gendering.eu\/index.php?rest_route=%2Fwp%2Fv2%2Fcategories&post=790"},{"taxonomy":"post_tag","embeddable":true,"href":"https:\/\/www.pro-gendering.eu\/index.php?rest_route=%2Fwp%2Fv2%2Ftags&post=790"}],"curies":[{"name":"wp","href":"https:\/\/api.w.org\/{rel}","templated":true}]}}