{"id":793,"date":"2025-04-28T19:00:52","date_gmt":"2025-04-28T19:00:52","guid":{"rendered":"https:\/\/www.pro-gendering.eu\/?p=793"},"modified":"2025-05-27T19:02:16","modified_gmt":"2025-05-27T19:02:16","slug":"promowanie-rownosci-plci-w-szkolnictwie-wyzszym-newsletterze-2","status":"publish","type":"post","link":"https:\/\/www.pro-gendering.eu\/?p=793&lang=pl","title":{"rendered":"Promowanie r\u00f3wno\u015bci p\u0142ci w szkolnictwie wy\u017cszym &#8211; Newsletterze 2"},"content":{"rendered":"<p><strong>Witamy w 2. wydaniu newslettera ProGendering!<\/strong><\/p>\n<p>Nasz projekt, finansowany przez Uni\u0119 Europejsk\u0105, koncentruje si\u0119 na zwi\u0119kszaniu r\u00f3wno\u015bci p\u0142ci i integracji w \u015brodowisku akademickim w ca\u0142ej Europie. Oto podsumowanie naszych ostatnich post\u0119p\u00f3w i nadchodz\u0105cych dzia\u0142a\u0144.<\/p>\n<p style=\"text-align: center;\"><strong><a href=\"https:\/\/www.pro-gendering.eu\/wp-content\/uploads\/2025\/05\/ProGendering-Newsletter-April-2025_final-1.pdf\" target=\"_blank\" rel=\"noopener\">\ud83d\udc49 Newsletter 2<\/a><\/strong><\/p>\n","protected":false},"excerpt":{"rendered":"<p>Witamy w 2. wydaniu newslettera ProGendering! Nasz projekt, finansowany przez Uni\u0119 Europejsk\u0105, koncentruje si\u0119 na zwi\u0119kszaniu r\u00f3wno\u015bci p\u0142ci i integracji w \u015brodowisku akademickim w ca\u0142ej Europie. Oto podsumowanie naszych ostatnich post\u0119p\u00f3w i nadchodz\u0105cych dzia\u0142a\u0144. \ud83d\udc49 Newsletter 2<\/p>\n","protected":false},"author":3,"featured_media":778,"comment_status":"open","ping_status":"closed","sticky":false,"template":"","format":"standard","meta":{"_et_pb_use_builder":"","_et_pb_old_content":"","_et_gb_content_width":"","footnotes":""},"categories":[32],"tags":[],"class_list":["post-793","post","type-post","status-publish","format-standard","has-post-thumbnail","hentry","category-uncategorized-pl"],"_links":{"self":[{"href":"https:\/\/www.pro-gendering.eu\/index.php?rest_route=\/wp\/v2\/posts\/793","targetHints":{"allow":["GET"]}}],"collection":[{"href":"https:\/\/www.pro-gendering.eu\/index.php?rest_route=\/wp\/v2\/posts"}],"about":[{"href":"https:\/\/www.pro-gendering.eu\/index.php?rest_route=\/wp\/v2\/types\/post"}],"author":[{"embeddable":true,"href":"https:\/\/www.pro-gendering.eu\/index.php?rest_route=\/wp\/v2\/users\/3"}],"replies":[{"embeddable":true,"href":"https:\/\/www.pro-gendering.eu\/index.php?rest_route=%2Fwp%2Fv2%2Fcomments&post=793"}],"version-history":[{"count":2,"href":"https:\/\/www.pro-gendering.eu\/index.php?rest_route=\/wp\/v2\/posts\/793\/revisions"}],"predecessor-version":[{"id":796,"href":"https:\/\/www.pro-gendering.eu\/index.php?rest_route=\/wp\/v2\/posts\/793\/revisions\/796"}],"wp:featuredmedia":[{"embeddable":true,"href":"https:\/\/www.pro-gendering.eu\/index.php?rest_route=\/wp\/v2\/media\/778"}],"wp:attachment":[{"href":"https:\/\/www.pro-gendering.eu\/index.php?rest_route=%2Fwp%2Fv2%2Fmedia&parent=793"}],"wp:term":[{"taxonomy":"category","embeddable":true,"href":"https:\/\/www.pro-gendering.eu\/index.php?rest_route=%2Fwp%2Fv2%2Fcategories&post=793"},{"taxonomy":"post_tag","embeddable":true,"href":"https:\/\/www.pro-gendering.eu\/index.php?rest_route=%2Fwp%2Fv2%2Ftags&post=793"}],"curies":[{"name":"wp","href":"https:\/\/api.w.org\/{rel}","templated":true}]}}