{"id":859,"date":"2025-12-19T10:48:24","date_gmt":"2025-12-19T10:48:24","guid":{"rendered":"https:\/\/www.pro-gendering.eu\/?p=859"},"modified":"2026-03-16T10:50:51","modified_gmt":"2026-03-16T10:50:51","slug":"isleistas-3-iasis-progendering-naujienlaiskis","status":"publish","type":"post","link":"https:\/\/www.pro-gendering.eu\/?p=859&lang=lt","title":{"rendered":"I\u0161leistas 3-iasis ProGendering naujienlai\u0161kis!"},"content":{"rendered":"<p data-start=\"112\" data-end=\"188\">Nepraleiskite 3-iosios <strong data-start=\"147\" data-end=\"178\">ProGendering naujienlai\u0161kio<\/strong> laidos!<\/p>\n<p data-start=\"190\" data-end=\"341\">Su\u017einokite, kaip studentai, akademikai ir ekspertai visoje Europoje inicijuoja praktinius projektus, skatinan\u010dius \u012ftraukt\u012f ir lygyb\u0119 universitetuose.<\/p>\n<p data-start=\"343\" data-end=\"538\">Nuo \u012fkvepian\u010di\u0173 ma\u017eo masto projekt\u0173 iki b\u016bsimo <strong data-start=\"390\" data-end=\"425\">Awareness-Raising Toolkit (ART)<\/strong> \u2013 su\u017einokite, kaip <strong data-start=\"445\" data-end=\"471\">ProGendering projektas<\/strong> paver\u010dia id\u0117jas veiksmais ir formuoja lygesn\u0119 akademin\u0119 aplink\u0105.<\/p>\n<p data-start=\"540\" data-end=\"568\" data-is-last-node=\"\" data-is-only-node=\"\">Skaitykite naujienlai\u0161k\u012f <a href=\"https:\/\/www.pro-gendering.eu\/wp-content\/uploads\/2026\/03\/ProGendering-3th_Newsletter-December-2025_LT.pdf\" target=\"_blank\" rel=\"noopener\">\u010dia<\/a><\/p>\n","protected":false},"excerpt":{"rendered":"<p>Nepraleiskite 3-iosios ProGendering naujienlai\u0161kio laidos! Su\u017einokite, kaip studentai, akademikai ir ekspertai visoje Europoje inicijuoja praktinius projektus, skatinan\u010dius \u012ftraukt\u012f ir lygyb\u0119 universitetuose. Nuo \u012fkvepian\u010di\u0173 ma\u017eo masto projekt\u0173 iki b\u016bsimo Awareness-Raising Toolkit (ART) \u2013 su\u017einokite, kaip ProGendering projektas paver\u010dia id\u0117jas veiksmais ir formuoja lygesn\u0119 akademin\u0119 aplink\u0105. Skaitykite naujienlai\u0161k\u012f \u010dia<\/p>\n","protected":false},"author":4,"featured_media":810,"comment_status":"open","ping_status":"closed","sticky":false,"template":"","format":"standard","meta":{"_et_pb_use_builder":"","_et_pb_old_content":"","_et_gb_content_width":"","footnotes":""},"categories":[53],"tags":[],"class_list":["post-859","post","type-post","status-publish","format-standard","has-post-thumbnail","hentry","category-uncategorized-lt"],"_links":{"self":[{"href":"https:\/\/www.pro-gendering.eu\/index.php?rest_route=\/wp\/v2\/posts\/859","targetHints":{"allow":["GET"]}}],"collection":[{"href":"https:\/\/www.pro-gendering.eu\/index.php?rest_route=\/wp\/v2\/posts"}],"about":[{"href":"https:\/\/www.pro-gendering.eu\/index.php?rest_route=\/wp\/v2\/types\/post"}],"author":[{"embeddable":true,"href":"https:\/\/www.pro-gendering.eu\/index.php?rest_route=\/wp\/v2\/users\/4"}],"replies":[{"embeddable":true,"href":"https:\/\/www.pro-gendering.eu\/index.php?rest_route=%2Fwp%2Fv2%2Fcomments&post=859"}],"version-history":[{"count":1,"href":"https:\/\/www.pro-gendering.eu\/index.php?rest_route=\/wp\/v2\/posts\/859\/revisions"}],"predecessor-version":[{"id":861,"href":"https:\/\/www.pro-gendering.eu\/index.php?rest_route=\/wp\/v2\/posts\/859\/revisions\/861"}],"wp:featuredmedia":[{"embeddable":true,"href":"https:\/\/www.pro-gendering.eu\/index.php?rest_route=\/wp\/v2\/media\/810"}],"wp:attachment":[{"href":"https:\/\/www.pro-gendering.eu\/index.php?rest_route=%2Fwp%2Fv2%2Fmedia&parent=859"}],"wp:term":[{"taxonomy":"category","embeddable":true,"href":"https:\/\/www.pro-gendering.eu\/index.php?rest_route=%2Fwp%2Fv2%2Fcategories&post=859"},{"taxonomy":"post_tag","embeddable":true,"href":"https:\/\/www.pro-gendering.eu\/index.php?rest_route=%2Fwp%2Fv2%2Ftags&post=859"}],"curies":[{"name":"wp","href":"https:\/\/api.w.org\/{rel}","templated":true}]}}