{"id":862,"date":"2025-12-19T10:51:00","date_gmt":"2025-12-19T10:51:00","guid":{"rendered":"https:\/\/www.pro-gendering.eu\/?p=862"},"modified":"2026-03-16T10:52:54","modified_gmt":"2026-03-16T10:52:54","slug":"wyszlo-3-wydanie-newslettera-progendering","status":"publish","type":"post","link":"https:\/\/www.pro-gendering.eu\/?p=862&lang=pl","title":{"rendered":"Wysz\u0142o 3. wydanie newslettera ProGendering!"},"content":{"rendered":"<p data-start=\"105\" data-end=\"171\">Nie przegap 3. wydania <strong data-start=\"140\" data-end=\"168\">newslettera ProGendering<\/strong>!<\/p>\n<p data-start=\"173\" data-end=\"313\">Dowiedz si\u0119, jak studenci, naukowcy i eksperci w ca\u0142ej Europie podejmuj\u0105 praktyczne inicjatywy na rzecz w\u0142\u0105czania i r\u00f3wno\u015bci w uczelniach.<\/p>\n<p data-start=\"315\" data-end=\"521\">Od inspiruj\u0105cych ma\u0142ych projekt\u00f3w po nadchodz\u0105cy <strong data-start=\"364\" data-end=\"399\">Awareness-Raising Toolkit (ART)<\/strong> \u2013 poznaj, jak <strong data-start=\"414\" data-end=\"438\">projekt ProGendering<\/strong> zamienia pomys\u0142y w dzia\u0142ania i kszta\u0142tuje bardziej r\u00f3wne \u015brodowisko akademickie.<\/p>\n<p data-start=\"523\" data-end=\"550\" data-is-last-node=\"\" data-is-only-node=\"\">Przeczytaj newsletter <a href=\"https:\/\/www.pro-gendering.eu\/wp-content\/uploads\/2026\/03\/ProGendering-Newsletter-March-2026_V1_PL.pdf\" target=\"_blank\" rel=\"noopener\">tutaj<\/a><\/p>\n","protected":false},"excerpt":{"rendered":"<p>Nie przegap 3. wydania newslettera ProGendering! Dowiedz si\u0119, jak studenci, naukowcy i eksperci w ca\u0142ej Europie podejmuj\u0105 praktyczne inicjatywy na rzecz w\u0142\u0105czania i r\u00f3wno\u015bci w uczelniach. Od inspiruj\u0105cych ma\u0142ych projekt\u00f3w po nadchodz\u0105cy Awareness-Raising Toolkit (ART) \u2013 poznaj, jak projekt ProGendering zamienia pomys\u0142y w dzia\u0142ania i kszta\u0142tuje bardziej r\u00f3wne \u015brodowisko akademickie. Przeczytaj newsletter tutaj<\/p>\n","protected":false},"author":4,"featured_media":810,"comment_status":"open","ping_status":"closed","sticky":false,"template":"","format":"standard","meta":{"_et_pb_use_builder":"","_et_pb_old_content":"","_et_gb_content_width":"","footnotes":""},"categories":[32],"tags":[],"class_list":["post-862","post","type-post","status-publish","format-standard","has-post-thumbnail","hentry","category-uncategorized-pl"],"_links":{"self":[{"href":"https:\/\/www.pro-gendering.eu\/index.php?rest_route=\/wp\/v2\/posts\/862","targetHints":{"allow":["GET"]}}],"collection":[{"href":"https:\/\/www.pro-gendering.eu\/index.php?rest_route=\/wp\/v2\/posts"}],"about":[{"href":"https:\/\/www.pro-gendering.eu\/index.php?rest_route=\/wp\/v2\/types\/post"}],"author":[{"embeddable":true,"href":"https:\/\/www.pro-gendering.eu\/index.php?rest_route=\/wp\/v2\/users\/4"}],"replies":[{"embeddable":true,"href":"https:\/\/www.pro-gendering.eu\/index.php?rest_route=%2Fwp%2Fv2%2Fcomments&post=862"}],"version-history":[{"count":1,"href":"https:\/\/www.pro-gendering.eu\/index.php?rest_route=\/wp\/v2\/posts\/862\/revisions"}],"predecessor-version":[{"id":864,"href":"https:\/\/www.pro-gendering.eu\/index.php?rest_route=\/wp\/v2\/posts\/862\/revisions\/864"}],"wp:featuredmedia":[{"embeddable":true,"href":"https:\/\/www.pro-gendering.eu\/index.php?rest_route=\/wp\/v2\/media\/810"}],"wp:attachment":[{"href":"https:\/\/www.pro-gendering.eu\/index.php?rest_route=%2Fwp%2Fv2%2Fmedia&parent=862"}],"wp:term":[{"taxonomy":"category","embeddable":true,"href":"https:\/\/www.pro-gendering.eu\/index.php?rest_route=%2Fwp%2Fv2%2Fcategories&post=862"},{"taxonomy":"post_tag","embeddable":true,"href":"https:\/\/www.pro-gendering.eu\/index.php?rest_route=%2Fwp%2Fv2%2Ftags&post=862"}],"curies":[{"name":"wp","href":"https:\/\/api.w.org\/{rel}","templated":true}]}}