{"id":880,"date":"2026-03-06T11:10:39","date_gmt":"2026-03-06T11:10:39","guid":{"rendered":"https:\/\/www.pro-gendering.eu\/?p=880"},"modified":"2026-03-16T11:12:01","modified_gmt":"2026-03-16T11:12:01","slug":"sekite-naujienas-su-4-uoju-naujienlaiskiu","status":"publish","type":"post","link":"https:\/\/www.pro-gendering.eu\/?p=880&lang=lt","title":{"rendered":"Sekite naujienas su 4-uoju naujienlai\u0161kiu!"},"content":{"rendered":"<p data-start=\"116\" data-end=\"408\">M\u016bs\u0173 4-asis naujienlai\u0161kis parodo, kaip studentai visoje Europoje formuoja \u012ftraukesnius universitetus, pristato m\u016bs\u0173 <strong data-start=\"245\" data-end=\"280\">Awareness-Raising Toolkit (ART)<\/strong> \u0161e\u0161iomis kalbomis ir \u0161ven\u010dia <strong data-start=\"310\" data-end=\"362\">Socialini\u0173 moksl\u0173 fakulteto lygyb\u0117s apdovanojim\u0105<\/strong> u\u017e novatori\u0161k\u0105 darb\u0105 ly\u010di\u0173 lygyb\u0117s srityje.<\/p>\n<p data-start=\"410\" data-end=\"553\">Atraskite praktinius \u012frankius, \u012fkvepian\u010dias iniciatyvas ir b\u016bdus, kaip aktyviai prisid\u0117ti prie ly\u010di\u0173 lygyb\u0117s skatinimo auk\u0161tajame mokslinime.<\/p>\n<p data-start=\"555\" data-end=\"590\" data-is-last-node=\"\" data-is-only-node=\"\">Skaitykite 4-\u0105j\u012f naujienlai\u0161k\u012f <a href=\"https:\/\/www.pro-gendering.eu\/wp-content\/uploads\/2026\/03\/ProGendering-Newsletter-March-2026_LT.pdf\" target=\"_blank\" rel=\"noopener\">\u010dia<\/a>.<\/p>\n","protected":false},"excerpt":{"rendered":"<p>M\u016bs\u0173 4-asis naujienlai\u0161kis parodo, kaip studentai visoje Europoje formuoja \u012ftraukesnius universitetus, pristato m\u016bs\u0173 Awareness-Raising Toolkit (ART) \u0161e\u0161iomis kalbomis ir \u0161ven\u010dia Socialini\u0173 moksl\u0173 fakulteto lygyb\u0117s apdovanojim\u0105 u\u017e novatori\u0161k\u0105 darb\u0105 ly\u010di\u0173 lygyb\u0117s srityje. Atraskite praktinius \u012frankius, \u012fkvepian\u010dias iniciatyvas ir b\u016bdus, kaip aktyviai prisid\u0117ti prie ly\u010di\u0173 lygyb\u0117s skatinimo auk\u0161tajame mokslinime. Skaitykite 4-\u0105j\u012f naujienlai\u0161k\u012f \u010dia.<\/p>\n","protected":false},"author":4,"featured_media":778,"comment_status":"open","ping_status":"closed","sticky":false,"template":"","format":"standard","meta":{"_et_pb_use_builder":"","_et_pb_old_content":"","_et_gb_content_width":"","footnotes":""},"categories":[53],"tags":[],"class_list":["post-880","post","type-post","status-publish","format-standard","has-post-thumbnail","hentry","category-uncategorized-lt"],"_links":{"self":[{"href":"https:\/\/www.pro-gendering.eu\/index.php?rest_route=\/wp\/v2\/posts\/880","targetHints":{"allow":["GET"]}}],"collection":[{"href":"https:\/\/www.pro-gendering.eu\/index.php?rest_route=\/wp\/v2\/posts"}],"about":[{"href":"https:\/\/www.pro-gendering.eu\/index.php?rest_route=\/wp\/v2\/types\/post"}],"author":[{"embeddable":true,"href":"https:\/\/www.pro-gendering.eu\/index.php?rest_route=\/wp\/v2\/users\/4"}],"replies":[{"embeddable":true,"href":"https:\/\/www.pro-gendering.eu\/index.php?rest_route=%2Fwp%2Fv2%2Fcomments&post=880"}],"version-history":[{"count":1,"href":"https:\/\/www.pro-gendering.eu\/index.php?rest_route=\/wp\/v2\/posts\/880\/revisions"}],"predecessor-version":[{"id":882,"href":"https:\/\/www.pro-gendering.eu\/index.php?rest_route=\/wp\/v2\/posts\/880\/revisions\/882"}],"wp:featuredmedia":[{"embeddable":true,"href":"https:\/\/www.pro-gendering.eu\/index.php?rest_route=\/wp\/v2\/media\/778"}],"wp:attachment":[{"href":"https:\/\/www.pro-gendering.eu\/index.php?rest_route=%2Fwp%2Fv2%2Fmedia&parent=880"}],"wp:term":[{"taxonomy":"category","embeddable":true,"href":"https:\/\/www.pro-gendering.eu\/index.php?rest_route=%2Fwp%2Fv2%2Fcategories&post=880"},{"taxonomy":"post_tag","embeddable":true,"href":"https:\/\/www.pro-gendering.eu\/index.php?rest_route=%2Fwp%2Fv2%2Ftags&post=880"}],"curies":[{"name":"wp","href":"https:\/\/api.w.org\/{rel}","templated":true}]}}